{"id":833,"date":"2018-03-12T00:02:41","date_gmt":"2018-03-12T00:02:41","guid":{"rendered":"http:\/\/www.jirikuhnweddings.cz\/?p=833"},"modified":"2024-07-09T14:28:53","modified_gmt":"2024-07-09T14:28:53","slug":"zimni-svatba","status":"publish","type":"post","link":"https:\/\/www.jirikuhnweddings.cz\/index.php\/2018\/03\/12\/zimni-svatba\/","title":{"rendered":"Svatebn\u00ed fotograf Opava | Zimn\u00ed svatba"},"content":{"rendered":"<div class=\"wpb-content-wrapper\"><p>[vc_row][vc_column width=&#8220;1\/2&#8243;][vc_single_image image=&#8220;798&#8243; img_size=&#8220;large&#8220; alignment=&#8220;center&#8220;][\/vc_column][vc_column width=&#8220;1\/2&#8243;][vc_column_text]Pom\u011brn\u011b netradi\u010dn\u011b za\u010d\u00edn\u00e1 leto\u0161n\u00ed svatebn\u00ed sez\u00f3na docela brzy. Hanka s Ondrou se pro sv\u016fj velk\u00fd den rozhodli vyu\u017e\u00edt n\u00e1dhern\u00e9 prost\u0159ed\u00ed <a href=\"http:\/\/albertovec.cz\" target=\"_blank\" rel=\"noopener noreferrer\">h\u0159eb\u010d\u00edna v Albertovci<\/a>. D\u016fvodem byl Han\u010din velk\u00fd kon\u00ed\u010dek, kon\u011b :-). P\u0159ed p\u00e1r lety se toti\u017e v h\u0159eb\u010d\u00edn\u011b v Albertovci narodila Han\u010dina klisna. Kde jinde tedy oslavit svatbu, ne\u017e pr\u00e1v\u011b tady. Na\u0161t\u011bst\u00ed n\u00e1m po\u010das\u00ed p\u0159\u00e1lo, sn\u00edh nestihl rozt\u00e1t a zima byla snesiteln\u00e1, tak\u017ee jsem si mohl u\u017e\u00edvat proslun\u011bn\u00e9ho dne spolu se v\u0161emi svateb\u010dany.[\/vc_column_text][\/vc_column][\/vc_row][vc_row][vc_column][vc_column_text]<\/p>\n<h4>Cel\u00e1 fotogalerie je k nalezen\u00ed\u00a0<a href=\"https:\/\/www.flickr.com\/gp\/142395523@N03\/neS5N7\" target=\"_blank\" rel=\"noopener noreferrer\">na m\u00e9m Flickr \u00fa\u010dtu zde<\/a>.<\/h4>\n<p>[\/vc_column_text][vc_empty_space][vc_raw_html]JTNDcCUzRSU1QnZpZGVvJTIwaWQlM0Q5NTkyJTVEJTNDJTJGcCUzRQ==[\/vc_raw_html][vc_empty_space][\/vc_column][\/vc_row][vc_row full_width=&#8220;stretch_row_content_no_spaces&#8220; css=&#8220;.vc_custom_1607601563899{padding-right: 5% !important;padding-left: 5% !important;}&#8220;][vc_column][vc_raw_html]JTNDcCUzRSU1QmZvb2dhbGxlcnklMjBpZCUzRCUyMjczNzUlMjIlNUQlM0MlMkZwJTNF[\/vc_raw_html][\/vc_column][\/vc_row]<\/p>\n<\/div>","protected":false},"excerpt":{"rendered":"<p>Pom\u011brn\u011b netradi\u010dn\u011b za\u010d\u00edn\u00e1 leto\u0161n\u00ed svatebn\u00ed sez\u00f3na docela brzy. Hanka s Ondrou se pro sv\u016fj velk\u00fd den rozhodli vyu\u017e\u00edt n\u00e1dhern\u00e9 prost\u0159ed\u00ed h\u0159eb\u010d\u00edna v Albertovci. D\u016fvodem byl Han\u010din velk\u00fd kon\u00ed\u010dek, kon\u011b :-). P\u0159ed p\u00e1r lety se toti\u017e v h\u0159eb\u010d\u00edn\u011b v Albertovci narodila Han\u010dina klisna. Kde jinde tedy oslavit svatbu, ne\u017e pr\u00e1v\u011b tady. Na\u0161t\u011bst\u00ed n\u00e1m po\u010das\u00ed p\u0159\u00e1lo, sn\u00edh nestihl rozt\u00e1t a zima byla snesiteln\u00e1, tak\u017ee jsem si mohl u\u017e\u00edvat proslun\u011bn\u00e9ho dne spolu se v\u0161emi svateb\u010dany.<\/p>\n","protected":false},"author":1,"featured_media":9441,"comment_status":"closed","ping_status":"closed","sticky":false,"template":"","format":"standard","meta":{"_exactmetrics_skip_tracking":false,"_exactmetrics_sitenote_active":false,"_exactmetrics_sitenote_note":"","_exactmetrics_sitenote_category":0,"footnotes":""},"categories":[163],"tags":[190],"class_list":["post-833","post","type-post","status-publish","format-standard","has-post-thumbnail","hentry","category-svatebni_fotograf_ostrava","tag-done"],"aioseo_notices":[],"featured_image_src":"https:\/\/www.jirikuhnweddings.cz\/wp-content\/uploads\/2018\/03\/26855952358_3ed905c253_o-600x400.jpg","featured_image_src_square":"https:\/\/www.jirikuhnweddings.cz\/wp-content\/uploads\/2018\/03\/26855952358_3ed905c253_o-600x600.jpg","author_info":{"display_name":"jirikuhnwe","author_link":"https:\/\/www.jirikuhnweddings.cz\/index.php\/author\/jirikuhnwe\/"},"_links":{"self":[{"href":"https:\/\/www.jirikuhnweddings.cz\/index.php\/wp-json\/wp\/v2\/posts\/833","targetHints":{"allow":["GET"]}}],"collection":[{"href":"https:\/\/www.jirikuhnweddings.cz\/index.php\/wp-json\/wp\/v2\/posts"}],"about":[{"href":"https:\/\/www.jirikuhnweddings.cz\/index.php\/wp-json\/wp\/v2\/types\/post"}],"author":[{"embeddable":true,"href":"https:\/\/www.jirikuhnweddings.cz\/index.php\/wp-json\/wp\/v2\/users\/1"}],"replies":[{"embeddable":true,"href":"https:\/\/www.jirikuhnweddings.cz\/index.php\/wp-json\/wp\/v2\/comments?post=833"}],"version-history":[{"count":0,"href":"https:\/\/www.jirikuhnweddings.cz\/index.php\/wp-json\/wp\/v2\/posts\/833\/revisions"}],"wp:featuredmedia":[{"embeddable":true,"href":"https:\/\/www.jirikuhnweddings.cz\/index.php\/wp-json\/wp\/v2\/media\/9441"}],"wp:attachment":[{"href":"https:\/\/www.jirikuhnweddings.cz\/index.php\/wp-json\/wp\/v2\/media?parent=833"}],"wp:term":[{"taxonomy":"category","embeddable":true,"href":"https:\/\/www.jirikuhnweddings.cz\/index.php\/wp-json\/wp\/v2\/categories?post=833"},{"taxonomy":"post_tag","embeddable":true,"href":"https:\/\/www.jirikuhnweddings.cz\/index.php\/wp-json\/wp\/v2\/tags?post=833"}],"curies":[{"name":"wp","href":"https:\/\/api.w.org\/{rel}","templated":true}]}}