{"id":717,"date":"2016-06-04T21:34:53","date_gmt":"2016-06-04T21:34:53","guid":{"rendered":"http:\/\/www.jirikuhnweddings.cz\/?p=717"},"modified":"2024-07-09T14:30:46","modified_gmt":"2024-07-09T14:30:46","slug":"velka-svatba-na-celadne","status":"publish","type":"post","link":"https:\/\/www.jirikuhnweddings.cz\/index.php\/2016\/06\/04\/velka-svatba-na-celadne\/","title":{"rendered":"Svatebn\u00ed fotograf Ostrava | Velk\u00e1 svatba na golfov\u00e9m h\u0159i\u0161ti na \u010celadn\u00e9"},"content":{"rendered":"<div class=\"wpb-content-wrapper\"><p>[vc_row][vc_column width=&#8220;1\/2&#8243;][vc_single_image image=&#8220;9696&#8243; img_size=&#8220;large&#8220; alignment=&#8220;center&#8220;][\/vc_column][vc_column width=&#8220;1\/2&#8243;][vc_column_text]Nezapomenuteln\u00e1 svatba v malebn\u00fdch Beskydech! V\u00edce ne\u017e 150 host\u016f, n\u00e1dhern\u00e9 prost\u0159ed\u00ed golfov\u00e9ho h\u0159i\u0161t\u011b na \u010celadn\u00e9, zn\u00e1m\u00fd p\u00e1r celebrit z Polska, \u00fa\u017easn\u00e9 po\u010das\u00ed. \u017de si nen\u00ed mo\u017en\u00e9 p\u0159edstavit dokonalej\u0161\u00ed svatbu? A co teprve, kdy\u017e ke kr\u00e1sn\u00fdm kulis\u00e1m p\u0159id\u00e1te kr\u00e1snou nev\u011bstu a ztepil\u00e9ho \u017eenicha!<\/p>\n<p>P\u0159esto\u017ee snoubence Lenku a Jana zn\u00e1m u\u017e p\u011bknou \u0159\u00e1dku let, byl jsem velmi pot\u011b\u0161en jejich \u017e\u00e1dost\u00ed o fotografov\u00e1n\u00ed jejich svatby. Zvl\u00e1dnout p\u0159ipravit takhle velkou svatbu ur\u010dit\u011b nebyla \u017e\u00e1dn\u00e1 mali\u010dkost. Cel\u00fd svatebn\u00ed den byl napln\u011bn\u00fd pestr\u00fdm programem, jak u\u017e to na svatb\u00e1ch tane\u010dn\u00edk\u016f b\u00fdv\u00e1.<\/p>\n<p>Z\u00e1bava se nezastavila ani ve\u010der, kter\u00fd nav\u00edc fantastick\u00fdm zp\u016fsobem zpest\u0159ila sama nev\u011bsta, kdy\u017e si pro sv\u00e9ho vyvolen\u00e9ho p\u0159ipravila sv\u00e9 vlastn\u00ed hudebn\u00ed vystoupen\u00ed![\/vc_column_text][\/vc_column][\/vc_row][vc_row][vc_column][vc_column_text]<\/p>\n<h4>Celou galerii si m\u016f\u017eete prohl\u00e9dnout na m\u00e9m <a href=\"https:\/\/www.flickr.com\/gp\/142395523@N03\/6058oM\" target=\"_blank\" rel=\"noopener\">Flickr \u00fa\u010dtu zde<\/a>.<\/h4>\n<p>[\/vc_column_text][vc_empty_space][\/vc_column][\/vc_row][vc_row full_width=&#8220;stretch_row_content_no_spaces&#8220; css=&#8220;.vc_custom_1607603706094{padding-right: 5% !important;padding-left: 5% !important;}&#8220;][vc_column][vc_raw_html]JTNDcCUzRSU1QmZvb2dhbGxlcnklMjBpZCUzRCUyMjczODMlMjIlNUQlM0MlMkZwJTNF[\/vc_raw_html][\/vc_column][\/vc_row]<\/p>\n<\/div>","protected":false},"excerpt":{"rendered":"<p>Nezapomenuteln\u00e1 svatba v malebn\u00fdch Beskydech! V\u00edce ne\u017e 150 host\u016f, n\u00e1dhern\u00e9 prost\u0159ed\u00ed golfov\u00e9ho h\u0159i\u0161t\u011b na \u010celadn\u00e9, zn\u00e1m\u00fd p\u00e1r celebrit z Polska, \u00fa\u017easn\u00e9 po\u010das\u00ed. \u017de si nen\u00ed mo\u017en\u00e9 p\u0159edstavit dokonalej\u0161\u00ed svatbu? A co teprve, kdy\u017e ke kr\u00e1sn\u00fdm kulis\u00e1m p\u0159id\u00e1te kr\u00e1snou nev\u011bstu a ztepil\u00e9ho \u017eenicha!<\/p>\n","protected":false},"author":1,"featured_media":9716,"comment_status":"closed","ping_status":"closed","sticky":false,"template":"","format":"standard","meta":{"_exactmetrics_skip_tracking":false,"_exactmetrics_sitenote_active":false,"_exactmetrics_sitenote_note":"","_exactmetrics_sitenote_category":0,"footnotes":""},"categories":[163],"tags":[190],"class_list":["post-717","post","type-post","status-publish","format-standard","has-post-thumbnail","hentry","category-svatebni_fotograf_ostrava","tag-done"],"aioseo_notices":[],"featured_image_src":"https:\/\/www.jirikuhnweddings.cz\/wp-content\/uploads\/2016\/06\/Manzele_Klimentovi_svatba_114-600x400.jpg","featured_image_src_square":"https:\/\/www.jirikuhnweddings.cz\/wp-content\/uploads\/2016\/06\/Manzele_Klimentovi_svatba_114-600x600.jpg","author_info":{"display_name":"jirikuhnwe","author_link":"https:\/\/www.jirikuhnweddings.cz\/index.php\/author\/jirikuhnwe\/"},"_links":{"self":[{"href":"https:\/\/www.jirikuhnweddings.cz\/index.php\/wp-json\/wp\/v2\/posts\/717","targetHints":{"allow":["GET"]}}],"collection":[{"href":"https:\/\/www.jirikuhnweddings.cz\/index.php\/wp-json\/wp\/v2\/posts"}],"about":[{"href":"https:\/\/www.jirikuhnweddings.cz\/index.php\/wp-json\/wp\/v2\/types\/post"}],"author":[{"embeddable":true,"href":"https:\/\/www.jirikuhnweddings.cz\/index.php\/wp-json\/wp\/v2\/users\/1"}],"replies":[{"embeddable":true,"href":"https:\/\/www.jirikuhnweddings.cz\/index.php\/wp-json\/wp\/v2\/comments?post=717"}],"version-history":[{"count":0,"href":"https:\/\/www.jirikuhnweddings.cz\/index.php\/wp-json\/wp\/v2\/posts\/717\/revisions"}],"wp:featuredmedia":[{"embeddable":true,"href":"https:\/\/www.jirikuhnweddings.cz\/index.php\/wp-json\/wp\/v2\/media\/9716"}],"wp:attachment":[{"href":"https:\/\/www.jirikuhnweddings.cz\/index.php\/wp-json\/wp\/v2\/media?parent=717"}],"wp:term":[{"taxonomy":"category","embeddable":true,"href":"https:\/\/www.jirikuhnweddings.cz\/index.php\/wp-json\/wp\/v2\/categories?post=717"},{"taxonomy":"post_tag","embeddable":true,"href":"https:\/\/www.jirikuhnweddings.cz\/index.php\/wp-json\/wp\/v2\/tags?post=717"}],"curies":[{"name":"wp","href":"https:\/\/api.w.org\/{rel}","templated":true}]}}