{"id":706,"date":"2017-04-01T21:04:44","date_gmt":"2017-04-01T21:04:44","guid":{"rendered":"http:\/\/www.jirikuhnweddings.cz\/?p=706"},"modified":"2024-07-09T14:29:08","modified_gmt":"2024-07-09T14:29:08","slug":"jarni-svatba-v-podhuri-beskyd","status":"publish","type":"post","link":"https:\/\/www.jirikuhnweddings.cz\/index.php\/2017\/04\/01\/jarni-svatba-v-podhuri-beskyd\/","title":{"rendered":"Svatebn\u00ed fotograf Ostrava | Jarn\u00ed svatba v podh\u016f\u0159\u00ed Beskyd"},"content":{"rendered":"<div class=\"wpb-content-wrapper\"><p>[vc_row][vc_column width=&#8220;1\/2&#8243;][vc_single_image image=&#8220;686&#8243; img_size=&#8220;large&#8220; alignment=&#8220;center&#8220;][\/vc_column][vc_column width=&#8220;1\/2&#8243;][vc_column_text]Tak to vypad\u00e1, \u017ee leto\u0161n\u00ed zima u\u017e definitivn\u011b ode\u0161la a zamilovan\u00e9 p\u00e1ry to potvrzuj\u00ed svatbami. Letos poprv\u00e9 mi bylo ct\u00ed fotografovat jeden z nejv\u011bt\u0161\u00edch dn\u016f v \u017eivot\u011b p\u00e1ru. Zat\u00edmco ob\u0159ad se konal v Evangelick\u00e9m toleran\u010dn\u00edm kostele ve Velk\u00e9 Lhot\u011b, odpoledn\u00ed \u010d\u00e1st se konala pobl\u00ed\u017e Fren\u0161t\u00e1tu, v samotn\u00e9m srdci Beskyd.[\/vc_column_text][\/vc_column][\/vc_row][vc_row][vc_column][vc_empty_space][\/vc_column][\/vc_row][vc_row full_width=&#8220;stretch_row_content_no_spaces&#8220; css=&#8220;.vc_custom_1607603589946{padding-right: 5% !important;padding-left: 5% !important;}&#8220;][vc_column][vc_raw_html]JTNDcCUzRSU1QmZvb2dhbGxlcnklMjBpZCUzRCUyMjcwNCUyMiU1RCUzQyUyRnAlM0U=[\/vc_raw_html][\/vc_column][\/vc_row]<\/p>\n<\/div>","protected":false},"excerpt":{"rendered":"<p>Tak to vypad\u00e1, \u017ee leto\u0161n\u00ed zima u\u017e definitivn\u011b ode\u0161la a zamilovan\u00e9 p\u00e1ry to potvrzuj\u00ed svatbami. Letos poprv\u00e9 mi bylo ct\u00ed fotografovat jeden z nejv\u011bt\u0161\u00edch dn\u016f v \u017eivot\u011b p\u00e1ru. Zat\u00edmco ob\u0159ad se konal v Evangelick\u00e9m toleran\u010dn\u00edm kostele ve Velk\u00e9 Lhot\u011b, odpoledn\u00ed \u010d\u00e1st se konala pobl\u00ed\u017e Fren\u0161t\u00e1tu, v samotn\u00e9m srdci Beskyd.<\/p>\n","protected":false},"author":1,"featured_media":681,"comment_status":"closed","ping_status":"closed","sticky":false,"template":"","format":"standard","meta":{"_exactmetrics_skip_tracking":false,"_exactmetrics_sitenote_active":false,"_exactmetrics_sitenote_note":"","_exactmetrics_sitenote_category":0,"footnotes":""},"categories":[163],"tags":[190],"class_list":["post-706","post","type-post","status-publish","format-standard","has-post-thumbnail","hentry","category-svatebni_fotograf_ostrava","tag-done"],"aioseo_notices":[],"featured_image_src":"https:\/\/www.jirikuhnweddings.cz\/wp-content\/uploads\/2018\/02\/DSC7962-scaled.jpg","featured_image_src_square":"https:\/\/www.jirikuhnweddings.cz\/wp-content\/uploads\/2018\/02\/DSC7962-scaled.jpg","author_info":{"display_name":"jirikuhnwe","author_link":"https:\/\/www.jirikuhnweddings.cz\/index.php\/author\/jirikuhnwe\/"},"_links":{"self":[{"href":"https:\/\/www.jirikuhnweddings.cz\/index.php\/wp-json\/wp\/v2\/posts\/706","targetHints":{"allow":["GET"]}}],"collection":[{"href":"https:\/\/www.jirikuhnweddings.cz\/index.php\/wp-json\/wp\/v2\/posts"}],"about":[{"href":"https:\/\/www.jirikuhnweddings.cz\/index.php\/wp-json\/wp\/v2\/types\/post"}],"author":[{"embeddable":true,"href":"https:\/\/www.jirikuhnweddings.cz\/index.php\/wp-json\/wp\/v2\/users\/1"}],"replies":[{"embeddable":true,"href":"https:\/\/www.jirikuhnweddings.cz\/index.php\/wp-json\/wp\/v2\/comments?post=706"}],"version-history":[{"count":0,"href":"https:\/\/www.jirikuhnweddings.cz\/index.php\/wp-json\/wp\/v2\/posts\/706\/revisions"}],"wp:featuredmedia":[{"embeddable":true,"href":"https:\/\/www.jirikuhnweddings.cz\/index.php\/wp-json\/wp\/v2\/media\/681"}],"wp:attachment":[{"href":"https:\/\/www.jirikuhnweddings.cz\/index.php\/wp-json\/wp\/v2\/media?parent=706"}],"wp:term":[{"taxonomy":"category","embeddable":true,"href":"https:\/\/www.jirikuhnweddings.cz\/index.php\/wp-json\/wp\/v2\/categories?post=706"},{"taxonomy":"post_tag","embeddable":true,"href":"https:\/\/www.jirikuhnweddings.cz\/index.php\/wp-json\/wp\/v2\/tags?post=706"}],"curies":[{"name":"wp","href":"https:\/\/api.w.org\/{rel}","templated":true}]}}