{"id":7049,"date":"2019-09-23T06:29:35","date_gmt":"2019-09-23T06:29:35","guid":{"rendered":"http:\/\/www.jirikuhnweddings.cz\/?p=7049"},"modified":"2024-07-09T14:29:24","modified_gmt":"2024-07-09T14:29:24","slug":"destivy-den-v-malebnem-bruntalsku","status":"publish","type":"post","link":"https:\/\/www.jirikuhnweddings.cz\/index.php\/2019\/09\/23\/destivy-den-v-malebnem-bruntalsku\/","title":{"rendered":"Svatebn\u00ed fotograf Ostrava | De\u0161tiv\u00fd den v malebn\u00e9m brunt\u00e1lsku"},"content":{"rendered":"<div class=\"wpb-content-wrapper\"><p>[vc_row][vc_column width=&#8220;1\/2&#8243;][vc_single_image image=&#8220;7029&#8243; img_size=&#8220;large&#8220; alignment=&#8220;center&#8220;][\/vc_column][vc_column width=&#8220;1\/2&#8243;][vc_column_text]Leto\u0161n\u00ed z\u00e1\u0159\u00ed se rozhodlo uk\u00e1zat n\u00e1m svou prom\u011bnlivou tv\u00e1\u0159. A tak po slunn\u00e9m a tepl\u00e9m srpnu, p\u0159i\u0161ly s p\u0159\u00edchodem nov\u00e9ho m\u011bs\u00edce chladn\u00e9 a de\u0161tiv\u00e9 dny. To byl i p\u0159\u00edpad dal\u0161\u00edho leto\u0161n\u00edho svatebn\u00edho dne. Katka s Martinem se rozhodli vyu\u017e\u00edt n\u00e1dhern\u00fdch prostor <a href=\"https:\/\/www.mubr.cz\/page.php?name=ZamekBruntal\" target=\"_blank\" rel=\"noreferrer noopener\" aria-label=\"z\u00e1mku Brunt\u00e1l (otev\u0159e se na nov\u00e9 z\u00e1lo\u017ece)\">z\u00e1mku Brunt\u00e1l<\/a> pro sv\u016fj novoman\u017eelsk\u00fd slib. A i p\u0159es d\u00e9\u0161\u0165, kter\u00fd panoval t\u00e9m\u011b\u0159 po cel\u00fd den, se jejich velk\u00fd den mimo\u0159\u00e1dn\u011b povedl. P\u0159in\u00e1\u0161\u00edm v\u00e1m n\u011bkolik fotografi\u00ed z tohoto slavnostn\u00edho dne.[\/vc_column_text][\/vc_column][\/vc_row][vc_row][vc_column][vc_column_text]<\/p>\n<h4>Celou galerii m\u016f\u017eete naleznout na m\u00e9m <a href=\"https:\/\/flic.kr\/s\/aHsmH1MBxN\" target=\"_blank\" rel=\"noreferrer noopener\" aria-label=\" (otev\u0159e se na nov\u00e9 z\u00e1lo\u017ece)\">Flickr \u00fa\u010dtu zde<\/a>.<\/h4>\n<p>[\/vc_column_text][vc_empty_space][vc_raw_html]JTNDcCUzRSU1QnZpZGVvJTIwaWQlM0Q5NTE3JTVEJTNDJTJGcCUzRQ==[\/vc_raw_html][vc_empty_space][\/vc_column][\/vc_row][vc_row full_width=&#8220;stretch_row_content_no_spaces&#8220; css=&#8220;.vc_custom_1607522458730{padding-right: 5% !important;padding-left: 5% !important;}&#8220;][vc_column][vc_raw_html]JTNDcCUzRSU1QmZvb2dhbGxlcnklMjBpZCUzRCUyMjczMjYlMjIlNUQlM0MlMkZwJTNF[\/vc_raw_html][\/vc_column][\/vc_row]<\/p>\n<\/div>","protected":false},"excerpt":{"rendered":"<p>Leto\u0161n\u00ed z\u00e1\u0159\u00ed se rozhodlo uk\u00e1zat n\u00e1m svou prom\u011bnlivou tv\u00e1\u0159. A tak po slunn\u00e9m a tepl\u00e9m srpnu, p\u0159i\u0161ly s p\u0159\u00edchodem nov\u00e9ho m\u011bs\u00edce chladn\u00e9 a de\u0161tiv\u00e9 dny. To byl i p\u0159\u00edpad dal\u0161\u00edho leto\u0161n\u00edho svatebn\u00edho dne. Katka s Martinem se rozhodli vyu\u017e\u00edt n\u00e1dhern\u00fdch prostor z\u00e1mku Brunt\u00e1l pro sv\u016fj novoman\u017eelsk\u00fd slib. A i p\u0159es d\u00e9\u0161\u0165, kter\u00fd panoval t\u00e9m\u011b\u0159 po cel\u00fd den, se jejich velk\u00fd den mimo\u0159\u00e1dn\u011b povedl. P\u0159in\u00e1\u0161\u00edm v\u00e1m n\u011bkolik fotografi\u00ed z tohoto slavnostn\u00edho dne.<\/p>\n","protected":false},"author":1,"featured_media":9429,"comment_status":"closed","ping_status":"closed","sticky":false,"template":"","format":"standard","meta":{"_exactmetrics_skip_tracking":false,"_exactmetrics_sitenote_active":false,"_exactmetrics_sitenote_note":"","_exactmetrics_sitenote_category":0,"footnotes":""},"categories":[163],"tags":[190],"class_list":["post-7049","post","type-post","status-publish","format-standard","has-post-thumbnail","hentry","category-svatebni_fotograf_ostrava","tag-done"],"aioseo_notices":[],"featured_image_src":"https:\/\/www.jirikuhnweddings.cz\/wp-content\/uploads\/2019\/09\/48751302176_f9394a512f_o-600x400.jpg","featured_image_src_square":"https:\/\/www.jirikuhnweddings.cz\/wp-content\/uploads\/2019\/09\/48751302176_f9394a512f_o-600x600.jpg","author_info":{"display_name":"jirikuhnwe","author_link":"https:\/\/www.jirikuhnweddings.cz\/index.php\/author\/jirikuhnwe\/"},"_links":{"self":[{"href":"https:\/\/www.jirikuhnweddings.cz\/index.php\/wp-json\/wp\/v2\/posts\/7049","targetHints":{"allow":["GET"]}}],"collection":[{"href":"https:\/\/www.jirikuhnweddings.cz\/index.php\/wp-json\/wp\/v2\/posts"}],"about":[{"href":"https:\/\/www.jirikuhnweddings.cz\/index.php\/wp-json\/wp\/v2\/types\/post"}],"author":[{"embeddable":true,"href":"https:\/\/www.jirikuhnweddings.cz\/index.php\/wp-json\/wp\/v2\/users\/1"}],"replies":[{"embeddable":true,"href":"https:\/\/www.jirikuhnweddings.cz\/index.php\/wp-json\/wp\/v2\/comments?post=7049"}],"version-history":[{"count":0,"href":"https:\/\/www.jirikuhnweddings.cz\/index.php\/wp-json\/wp\/v2\/posts\/7049\/revisions"}],"wp:featuredmedia":[{"embeddable":true,"href":"https:\/\/www.jirikuhnweddings.cz\/index.php\/wp-json\/wp\/v2\/media\/9429"}],"wp:attachment":[{"href":"https:\/\/www.jirikuhnweddings.cz\/index.php\/wp-json\/wp\/v2\/media?parent=7049"}],"wp:term":[{"taxonomy":"category","embeddable":true,"href":"https:\/\/www.jirikuhnweddings.cz\/index.php\/wp-json\/wp\/v2\/categories?post=7049"},{"taxonomy":"post_tag","embeddable":true,"href":"https:\/\/www.jirikuhnweddings.cz\/index.php\/wp-json\/wp\/v2\/tags?post=7049"}],"curies":[{"name":"wp","href":"https:\/\/api.w.org\/{rel}","templated":true}]}}