{"id":12306,"date":"2024-08-25T10:26:49","date_gmt":"2024-08-25T10:26:49","guid":{"rendered":"https:\/\/www.jirikuhnweddings.cz\/?p=12306"},"modified":"2025-06-20T06:00:15","modified_gmt":"2025-06-20T06:00:15","slug":"svatebni-fotograf-ostrava-na-hranici-statu","status":"publish","type":"post","link":"https:\/\/www.jirikuhnweddings.cz\/index.php\/2024\/08\/25\/svatebni-fotograf-ostrava-na-hranici-statu\/","title":{"rendered":"Svatebn\u00ed fotograf Ostrava | Na hranici st\u00e1t\u016f"},"content":{"rendered":"<div class=\"wpb-content-wrapper\"><p>[vc_row][vc_column width=&#8220;1\/2&#8243;][vc_single_image image=&#8220;12369&#8243; img_size=&#8220;full&#8220; alignment=&#8220;center&#8220; css_animation=&#8220;slideInLeft&#8220; css=&#8220;&#8220;][\/vc_column][vc_column width=&#8220;1\/2&#8243;][vc_column_text css_animation=&#8220;slideInRight&#8220; css=&#8220;&#8220;]V pr\u016fb\u011bhu mnoha let, kdy se profesion\u00e1ln\u011b v\u011bnuji svatebn\u00ed fotografii, jsem nav\u0161t\u00edvil des\u00edtky kr\u00e1sn\u00fdch m\u00edst, na kter\u00fdch svatba prob\u00edhala. Ka\u017ed\u00e9 z nich bylo v n\u011b\u010dem unik\u00e1tn\u00ed, a\u0165 u\u017e to byl profesion\u00e1ln\u00ed servis, m\u00edsto samotn\u00e9, nezvykl\u00e9 detaily, nebo um\u00edst\u011bn\u00ed v krajin\u011b. Nicm\u00e9n\u011b rozsah slu\u017eeb, kouzlo m\u00edsta a \u00farove\u0148 gastronomie, kterou jsem m\u011bl tu \u010dest za\u017e\u00edt v <a href=\"https:\/\/www.perla.info.pl\" target=\"_blank\" rel=\"noopener\">are\u00e1lu Perla<\/a> v polsk\u00fdch Krzanowic\u00edch, byly v\u00fdjime\u010dn\u00e9.<\/p>\n<p>Pr\u00e1v\u011b toto polsk\u00e9 m\u011bsto na sam\u00e9m okraji ji\u017en\u00edch hranic Slezsk\u00e9ho vojvodstv\u00ed, si vybrali b\u00e1je\u010dn\u00ed snoubenci Lucie a Daniel. Svatebn\u00ed ob\u0159ad prob\u00edhal v <a href=\"https:\/\/www.hnevosice.cz\/obec\/farnost\/kostel-krista-dobreho-pastyre-1144cs.html\" target=\"_blank\" rel=\"noopener\">modern\u00edm kostele Krista &#8211; Dobr\u00e9ho past\u00fd\u0159e<\/a> v Hn\u011bvo\u0161ic\u00edch, kter\u00fd pat\u0159\u00ed mezi hlavn\u00ed dominanty obce. A aby t\u011bch unik\u00e1tn\u00edch z\u00e1\u017eitk\u016f nebylo m\u00e1lo, o p\u0159evoz svatebn\u00edch host\u016f se staraly dva historick\u00e9 autobusy \u0160koda 706 RTO. Vzhledem k po\u010dtu d\u011bt\u00ed, kter\u00e9 pat\u0159ily mezi vesel\u00e9 hosty svatby, si pro n\u011b v programu svatebn\u00edho dne snoubenci p\u0159ipravili i vystoupen\u00ed klauna <a href=\"http:\/\/www.hopsalin.cz\" target=\"_blank\" rel=\"noopener\">Hopsal\u00edna<\/a>.[\/vc_column_text][\/vc_column][\/vc_row][vc_row][vc_column][vc_empty_space][vc_raw_html css=&#8220;&#8220;]JTNDcCUzRSU1QmVtYmVkeXQlNURodHRwcyUzQSUyRiUyRnd3dy55b3V0dWJlLmNvbSUyRndhdGNoJTNGdiUzRDR2OVF4Q3ZTT01VJTVCJTJGZW1iZWR5dCU1RCUzQyUyRnAlM0U=[\/vc_raw_html][vc_empty_space][vc_column_text css=&#8220;&#8220;]V\u0161echny fotografie z t\u00e9to hork\u00e9 letn\u00ed svatby najdete <strong><a href=\"https:\/\/www.flickr.com\/gp\/142395523@N03\/o4p1Bu7KFj\" target=\"_blank\" rel=\"noopener\">na m\u00e9m Flickr \u00fa\u010dtu zde<\/a><\/strong>.[\/vc_column_text][vc_empty_space][\/vc_column][\/vc_row][vc_row full_width=&#8220;stretch_row_content_no_spaces&#8220; css=&#8220;.vc_custom_1695905687597{padding-right: 5% !important;padding-left: 5% !important;}&#8220;][vc_column][vc_raw_html css=&#8220;&#8220;]JTNDcCUzRSU1QmZvb2dhbGxlcnklMjBpZCUzRCUyMjEyMzA5JTIyJTVEJTNDJTJGcCUzRQ==[\/vc_raw_html][\/vc_column][\/vc_row]<\/p>\n<\/div>","protected":false},"excerpt":{"rendered":"<p>V pr\u016fb\u011bhu mnoha let, kdy se profesion\u00e1ln\u011b v\u011bnuji svatebn\u00ed fotografii, jsem nav\u0161t\u00edvil des\u00edtky kr\u00e1sn\u00fdch m\u00edst, na kter\u00fdch svatba prob\u00edhala. Ka\u017ed\u00e9 z nich bylo v n\u011b\u010dem unik\u00e1tn\u00ed, a\u0165 u\u017e to byl profesion\u00e1ln\u00ed servis, m\u00edsto samotn\u00e9, nezvykl\u00e9 detaily, nebo um\u00edst\u011bn\u00ed v krajin\u011b. Nicm\u00e9n\u011b rozsah slu\u017eeb, kouzlo m\u00edsta a \u00farove\u0148 gastronomie, kterou jsem m\u011bl tu \u010dest za\u017e\u00edt v are\u00e1lu Perla v polsk\u00fdch Krzanowic\u00edch, byly v\u00fdjime\u010dn\u00e9.<\/p>\n","protected":false},"author":1,"featured_media":12330,"comment_status":"closed","ping_status":"closed","sticky":false,"template":"","format":"standard","meta":{"_exactmetrics_skip_tracking":false,"_exactmetrics_sitenote_active":false,"_exactmetrics_sitenote_note":"","_exactmetrics_sitenote_category":0,"footnotes":""},"categories":[163],"tags":[],"class_list":["post-12306","post","type-post","status-publish","format-standard","has-post-thumbnail","hentry","category-svatebni_fotograf_ostrava"],"aioseo_notices":[],"featured_image_src":"https:\/\/www.jirikuhnweddings.cz\/wp-content\/uploads\/2024\/08\/Manzele_Bubikovi_svatba_143.jpg","featured_image_src_square":"https:\/\/www.jirikuhnweddings.cz\/wp-content\/uploads\/2024\/08\/Manzele_Bubikovi_svatba_143.jpg","author_info":{"display_name":"jirikuhnwe","author_link":"https:\/\/www.jirikuhnweddings.cz\/index.php\/author\/jirikuhnwe\/"},"_links":{"self":[{"href":"https:\/\/www.jirikuhnweddings.cz\/index.php\/wp-json\/wp\/v2\/posts\/12306","targetHints":{"allow":["GET"]}}],"collection":[{"href":"https:\/\/www.jirikuhnweddings.cz\/index.php\/wp-json\/wp\/v2\/posts"}],"about":[{"href":"https:\/\/www.jirikuhnweddings.cz\/index.php\/wp-json\/wp\/v2\/types\/post"}],"author":[{"embeddable":true,"href":"https:\/\/www.jirikuhnweddings.cz\/index.php\/wp-json\/wp\/v2\/users\/1"}],"replies":[{"embeddable":true,"href":"https:\/\/www.jirikuhnweddings.cz\/index.php\/wp-json\/wp\/v2\/comments?post=12306"}],"version-history":[{"count":0,"href":"https:\/\/www.jirikuhnweddings.cz\/index.php\/wp-json\/wp\/v2\/posts\/12306\/revisions"}],"wp:featuredmedia":[{"embeddable":true,"href":"https:\/\/www.jirikuhnweddings.cz\/index.php\/wp-json\/wp\/v2\/media\/12330"}],"wp:attachment":[{"href":"https:\/\/www.jirikuhnweddings.cz\/index.php\/wp-json\/wp\/v2\/media?parent=12306"}],"wp:term":[{"taxonomy":"category","embeddable":true,"href":"https:\/\/www.jirikuhnweddings.cz\/index.php\/wp-json\/wp\/v2\/categories?post=12306"},{"taxonomy":"post_tag","embeddable":true,"href":"https:\/\/www.jirikuhnweddings.cz\/index.php\/wp-json\/wp\/v2\/tags?post=12306"}],"curies":[{"name":"wp","href":"https:\/\/api.w.org\/{rel}","templated":true}]}}