{"id":11824,"date":"2023-09-28T12:53:46","date_gmt":"2023-09-28T12:53:46","guid":{"rendered":"https:\/\/www.jirikuhnweddings.cz\/?p=11824"},"modified":"2024-07-09T14:20:04","modified_gmt":"2024-07-09T14:20:04","slug":"svatebni-fotograf-ostrava-zamek-zabreh","status":"publish","type":"post","link":"https:\/\/www.jirikuhnweddings.cz\/index.php\/2023\/09\/28\/svatebni-fotograf-ostrava-zamek-zabreh\/","title":{"rendered":"Svatebn\u00ed fotograf Ostrava | Z\u00e1mek Z\u00e1b\u0159eh"},"content":{"rendered":"<div class=\"wpb-content-wrapper\"><p>[vc_row][vc_column width=&#8220;1\/2&#8243;][vc_single_image image=&#8220;11801&#8243; img_size=&#8220;full&#8220; alignment=&#8220;center&#8220; css_animation=&#8220;slideInLeft&#8220;][\/vc_column][vc_column width=&#8220;1\/2&#8243;][vc_column_text css_animation=&#8220;slideInRight&#8220;]Prvn\u00ed zm\u00ed\u0148ky o objektu v Z\u00e1b\u0159ehu se datuj\u00ed do roku 1529, kdy v katastru dnes ji\u017e zanikl\u00e9 obce Z\u00e1b\u0159eh nad Odrou st\u00e1la na m\u00edst\u011b st\u0159edov\u011bk\u00e1 tvrz. Ta byla na p\u0159elomu 16. a 17. stolet\u00ed p\u0159estav\u011bna na z\u00e1mek, kter\u00fd byl pozd\u011bji dopln\u011bn o objekt pivovaru. V sou\u010dasn\u00e9 dob\u011b nab\u00edz\u00ed <a href=\"https:\/\/www.zamek-zabreh.cz\/\" target=\"_blank\" rel=\"noopener\">Z\u00e1mek Z\u00e1b\u0159eh<\/a> unik\u00e1tn\u00ed prost\u0159ed\u00ed pro ubytov\u00e1n\u00ed i pro po\u0159\u00e1d\u00e1n\u00ed spole\u010densk\u00fdch ud\u00e1lost\u00ed.<\/p>\n<p>Jednou z nich byla i svatba B\u00e1ry a Radima, sympatick\u00e9ho mlad\u00e9ho p\u00e1ru, kte\u0159\u00ed se rozhodli na konci leto\u0161n\u00edho srpna \u0159\u00edct sv\u00e9 ano p\u0159ed tv\u00e1\u0159\u00ed z\u00e1kona a v kruhu sv\u00fdch nejbli\u017e\u0161\u00edch. Ob\u0159ad samotn\u00fd sice lehce propr\u0161el, pak se ale po\u010das\u00ed umoud\u0159ilo a nab\u00eddlo jeden ze sv\u00fdch par\u00e1dn\u00edch srpnov\u00fdch dn\u016f.<\/p>\n<p>P\u016fvodn\u00ed z\u00e1m\u011br, fotit p\u00e1rov\u00e9 sn\u00edmky v p\u0159ilehl\u00e9m parku, naru\u0161ila jeho rekonstrukce, nicm\u00e9n\u011b plnohodnotnou n\u00e1hradu nab\u00eddl nedalek\u00fd sad Dru\u017eby. Ostatn\u011b p\u0159esv\u011b\u010dte se sami :-).[\/vc_column_text][\/vc_column][\/vc_row][vc_row][vc_column][vc_empty_space][vc_column_text]V\u0161echny fotografie z kr\u00e1sn\u00e9 svatby B\u00e1ry a Radima najdete <strong><a href=\"https:\/\/www.flickr.com\/gp\/142395523@N03\/W06d9q0DXS\" target=\"_blank\" rel=\"noopener\">na m\u00e9m Flickr \u00fa\u010dtu zde<\/a><\/strong>.[\/vc_column_text][vc_empty_space][vc_video link=&#8220;https:\/\/www.youtube.com\/watch?v=wpSLwiLQuLs&#8220; align=&#8220;center&#8220; css_animation=&#8220;slideInDown&#8220;][vc_empty_space][\/vc_column][\/vc_row][vc_row full_width=&#8220;stretch_row_content_no_spaces&#8220; css=&#8220;.vc_custom_1695905687597{padding-right: 5% !important;padding-left: 5% !important;}&#8220;][vc_column][vc_raw_html]JTNDcCUzRSU1QmZvb2dhbGxlcnklMjBpZCUzRCUyMjExODE5JTIyJTVEJTNDJTJGcCUzRQ==[\/vc_raw_html][\/vc_column][\/vc_row]<\/p>\n<\/div>","protected":false},"excerpt":{"rendered":"<p>Prvn\u00ed zm\u00ed\u0148ky o objektu v Z\u00e1b\u0159ehu se datuj\u00ed do roku 1529, kdy v katastru dnes ji\u017e zanikl\u00e9 obce Z\u00e1b\u0159eh nad Odrou st\u00e1la na m\u00edst\u011b st\u0159edov\u011bk\u00e1 tvrz. Ta byla na p\u0159elomu 16. a 17. stolet\u00ed p\u0159estav\u011bna na z\u00e1mek, kter\u00fd byl pozd\u011bji dopln\u011bn o objekt pivovaru. V sou\u010dasn\u00e9 dob\u011b nab\u00edz\u00ed Z\u00e1mek Z\u00e1b\u0159eh unik\u00e1tn\u00ed prost\u0159ed\u00ed pro ubytov\u00e1n\u00ed i pro po\u0159\u00e1d\u00e1n\u00ed spole\u010densk\u00fdch ud\u00e1lost\u00ed.<\/p>\n","protected":false},"author":1,"featured_media":11798,"comment_status":"closed","ping_status":"closed","sticky":false,"template":"","format":"standard","meta":{"_exactmetrics_skip_tracking":false,"_exactmetrics_sitenote_active":false,"_exactmetrics_sitenote_note":"","_exactmetrics_sitenote_category":0,"footnotes":""},"categories":[163],"tags":[],"class_list":["post-11824","post","type-post","status-publish","format-standard","has-post-thumbnail","hentry","category-svatebni_fotograf_ostrava"],"aioseo_notices":[],"featured_image_src":"https:\/\/www.jirikuhnweddings.cz\/wp-content\/uploads\/2023\/09\/Manzele_Haluskovi_svatba_238-600x400.jpg","featured_image_src_square":"https:\/\/www.jirikuhnweddings.cz\/wp-content\/uploads\/2023\/09\/Manzele_Haluskovi_svatba_238-600x600.jpg","author_info":{"display_name":"jirikuhnwe","author_link":"https:\/\/www.jirikuhnweddings.cz\/index.php\/author\/jirikuhnwe\/"},"_links":{"self":[{"href":"https:\/\/www.jirikuhnweddings.cz\/index.php\/wp-json\/wp\/v2\/posts\/11824","targetHints":{"allow":["GET"]}}],"collection":[{"href":"https:\/\/www.jirikuhnweddings.cz\/index.php\/wp-json\/wp\/v2\/posts"}],"about":[{"href":"https:\/\/www.jirikuhnweddings.cz\/index.php\/wp-json\/wp\/v2\/types\/post"}],"author":[{"embeddable":true,"href":"https:\/\/www.jirikuhnweddings.cz\/index.php\/wp-json\/wp\/v2\/users\/1"}],"replies":[{"embeddable":true,"href":"https:\/\/www.jirikuhnweddings.cz\/index.php\/wp-json\/wp\/v2\/comments?post=11824"}],"version-history":[{"count":0,"href":"https:\/\/www.jirikuhnweddings.cz\/index.php\/wp-json\/wp\/v2\/posts\/11824\/revisions"}],"wp:featuredmedia":[{"embeddable":true,"href":"https:\/\/www.jirikuhnweddings.cz\/index.php\/wp-json\/wp\/v2\/media\/11798"}],"wp:attachment":[{"href":"https:\/\/www.jirikuhnweddings.cz\/index.php\/wp-json\/wp\/v2\/media?parent=11824"}],"wp:term":[{"taxonomy":"category","embeddable":true,"href":"https:\/\/www.jirikuhnweddings.cz\/index.php\/wp-json\/wp\/v2\/categories?post=11824"},{"taxonomy":"post_tag","embeddable":true,"href":"https:\/\/www.jirikuhnweddings.cz\/index.php\/wp-json\/wp\/v2\/tags?post=11824"}],"curies":[{"name":"wp","href":"https:\/\/api.w.org\/{rel}","templated":true}]}}