{"id":11477,"date":"2022-09-05T08:42:35","date_gmt":"2022-09-05T08:42:35","guid":{"rendered":"https:\/\/www.jirikuhnweddings.cz\/?p=11477"},"modified":"2024-07-09T14:21:50","modified_gmt":"2024-07-09T14:21:50","slug":"svatebni-fotograf-ostrava-malenovice","status":"publish","type":"post","link":"https:\/\/www.jirikuhnweddings.cz\/index.php\/2022\/09\/05\/svatebni-fotograf-ostrava-malenovice\/","title":{"rendered":"Svatebn\u00ed fotograf Ostrava | Malenovice"},"content":{"rendered":"<div class=\"wpb-content-wrapper\"><p>[vc_row][vc_column width=&#8220;1\/2&#8243;][vc_single_image image=&#8220;11500&#8243; img_size=&#8220;full&#8220;][\/vc_column][vc_column width=&#8220;1\/2&#8243;][vc_column_text]Do <a href=\"https:\/\/www.malenovice.eu\/\" target=\"_blank\" rel=\"noopener\">Malenovic<\/a> jsem se letos v r\u00e1mci svatebn\u00edho focen\u00ed vracel hned n\u011bkolikr\u00e1t. Prost\u0159ed\u00ed v bl\u00edzkosti zdej\u0161\u00edho kostela s v\u00fdhledem na Lysou horu a \u00fadol\u00ed Ond\u0159ejnice je \u010darokr\u00e1sn\u00e9 v kteroukoliv dobu a ro\u010dn\u00ed obdob\u00ed. Dech vyr\u00e1\u017eej\u00edc\u00ed je nicm\u00e9n\u011b v dob\u011b z\u00e1padu slunce, kdy se cel\u00e1 krajina zbarv\u00ed tepl\u00fdm ve\u010dern\u00edm sv\u011btlem a je\u0161t\u011b v\u00edc vystoup\u00ed majest\u00e1tn\u00ed vrcholky.<\/p>\n<p>V tomto poh\u00e1dkov\u00e9m prost\u0159ed\u00ed jsme se znovu potkal s M\u00ed\u0161ou a Honzou. Str\u00e1vili jsme pobl\u00ed\u017e malenovick\u00e9ho kostela nesm\u00edrn\u011b p\u0159\u00edjemn\u00fd \u010das a vznikla cel\u00e1 \u0159\u00e1dka sn\u00edmk\u016f. P\u0159esto, \u017ee ve\u010der u\u017e za\u010dalo b\u00fdt pom\u011brn\u011b chladno, oba novoman\u017eel\u00e9 state\u010dn\u011b vydr\u017eeli a\u017e do z\u00e1padu slunce.[\/vc_column_text][\/vc_column][\/vc_row][vc_row][vc_column][vc_empty_space][vc_column_text]<\/p>\n<h4>N\u00e1dhern\u00e9 sn\u00edmky z na\u0161eho svatebn\u00edho focen\u00ed v Malenovic\u00edch najdete na<span style=\"color: #0000ff;\"> <a style=\"color: #0000ff;\" href=\"https:\/\/www.flickr.com\/gp\/142395523@N03\/365b7hTW48\" target=\"_blank\" rel=\"noopener\">m\u00e9m Flickr \u00fa\u010dtu zde<\/a><\/span>.<\/h4>\n<p>[\/vc_column_text][vc_empty_space][\/vc_column][\/vc_row][vc_row full_width=&#8220;stretch_row_content_no_spaces&#8220; css=&#8220;.vc_custom_1607376807215{padding-right: 5% !important;padding-left: 5% !important;}&#8220;][vc_column][vc_raw_html]JTNDcCUzRSU1QmZvb2dhbGxlcnklMjBpZCUzRCUyMjExNTA5JTIyJTVEJTNDJTJGcCUzRQ==[\/vc_raw_html][\/vc_column][\/vc_row]<\/p>\n<\/div>","protected":false},"excerpt":{"rendered":"<p>Do Malenovic jsem se letos v r\u00e1mci svatebn\u00edho focen\u00ed vracel hned n\u011bkolikr\u00e1t. Prost\u0159ed\u00ed v bl\u00edzkosti zdej\u0161\u00edho kostela s v\u00fdhledem na Lysou horu a \u00fadol\u00ed Ond\u0159ejnice je \u010darokr\u00e1sn\u00e9 v kteroukoliv dobu a ro\u010dn\u00ed obdob\u00ed. Dech vyr\u00e1\u017eej\u00edc\u00ed je nicm\u00e9n\u011b v dob\u011b z\u00e1padu slunce, kdy se cel\u00e1 krajina zbarv\u00ed tepl\u00fdm ve\u010dern\u00edm sv\u011btlem a je\u0161t\u011b v\u00edc vystoup\u00ed majest\u00e1tn\u00ed vrcholky.<\/p>\n","protected":false},"author":1,"featured_media":11508,"comment_status":"closed","ping_status":"closed","sticky":false,"template":"","format":"standard","meta":{"_exactmetrics_skip_tracking":false,"_exactmetrics_sitenote_active":false,"_exactmetrics_sitenote_note":"","_exactmetrics_sitenote_category":0,"footnotes":""},"categories":[163],"tags":[],"class_list":["post-11477","post","type-post","status-publish","format-standard","has-post-thumbnail","hentry","category-svatebni_fotograf_ostrava"],"aioseo_notices":[],"featured_image_src":"https:\/\/www.jirikuhnweddings.cz\/wp-content\/uploads\/2022\/09\/Manzele_Kolasovi_svatba_135-scaled.jpg","featured_image_src_square":"https:\/\/www.jirikuhnweddings.cz\/wp-content\/uploads\/2022\/09\/Manzele_Kolasovi_svatba_135-scaled.jpg","author_info":{"display_name":"jirikuhnwe","author_link":"https:\/\/www.jirikuhnweddings.cz\/index.php\/author\/jirikuhnwe\/"},"_links":{"self":[{"href":"https:\/\/www.jirikuhnweddings.cz\/index.php\/wp-json\/wp\/v2\/posts\/11477","targetHints":{"allow":["GET"]}}],"collection":[{"href":"https:\/\/www.jirikuhnweddings.cz\/index.php\/wp-json\/wp\/v2\/posts"}],"about":[{"href":"https:\/\/www.jirikuhnweddings.cz\/index.php\/wp-json\/wp\/v2\/types\/post"}],"author":[{"embeddable":true,"href":"https:\/\/www.jirikuhnweddings.cz\/index.php\/wp-json\/wp\/v2\/users\/1"}],"replies":[{"embeddable":true,"href":"https:\/\/www.jirikuhnweddings.cz\/index.php\/wp-json\/wp\/v2\/comments?post=11477"}],"version-history":[{"count":0,"href":"https:\/\/www.jirikuhnweddings.cz\/index.php\/wp-json\/wp\/v2\/posts\/11477\/revisions"}],"wp:featuredmedia":[{"embeddable":true,"href":"https:\/\/www.jirikuhnweddings.cz\/index.php\/wp-json\/wp\/v2\/media\/11508"}],"wp:attachment":[{"href":"https:\/\/www.jirikuhnweddings.cz\/index.php\/wp-json\/wp\/v2\/media?parent=11477"}],"wp:term":[{"taxonomy":"category","embeddable":true,"href":"https:\/\/www.jirikuhnweddings.cz\/index.php\/wp-json\/wp\/v2\/categories?post=11477"},{"taxonomy":"post_tag","embeddable":true,"href":"https:\/\/www.jirikuhnweddings.cz\/index.php\/wp-json\/wp\/v2\/tags?post=11477"}],"curies":[{"name":"wp","href":"https:\/\/api.w.org\/{rel}","templated":true}]}}