{"id":11463,"date":"2022-08-28T17:44:32","date_gmt":"2022-08-28T17:44:32","guid":{"rendered":"https:\/\/www.jirikuhnweddings.cz\/?p=11463"},"modified":"2024-07-09T14:23:23","modified_gmt":"2024-07-09T14:23:23","slug":"svatebni-fotograf-ostrava-svatba-na-tri-doby","status":"publish","type":"post","link":"https:\/\/www.jirikuhnweddings.cz\/index.php\/2022\/08\/28\/svatebni-fotograf-ostrava-svatba-na-tri-doby\/","title":{"rendered":"Svatebn\u00ed fotograf Ostrava | Svatba na t\u0159i doby"},"content":{"rendered":"<div class=\"wpb-content-wrapper\"><p>[vc_row][vc_column width=&#8220;1\/2&#8243;][vc_single_image image=&#8220;11457&#8243; img_size=&#8220;full&#8220;][\/vc_column][vc_column width=&#8220;1\/2&#8243;][vc_column_text]Tak jako se li\u0161\u00ed jednotliv\u00e9 osobnosti lid\u00ed, li\u0161\u00ed se i jejich svatby. N\u011bkter\u00e9 b\u00fdvaj\u00ed velmi tradi\u010dn\u00ed a prov\u00e1z\u00ed je pe\u010dliv\u00e9 n\u00e1sledov\u00e1n\u00ed tradic a zab\u011bhnut\u00fdch zvyklost\u00ed, jin\u00e9 svatby jsou velmi nekonven\u010dn\u00ed a pln\u00e9 osobit\u00e9ho p\u0159\u00edstupu novoman\u017eel\u016f. Jestli se o svatb\u00e1ch tanen\u010d\u00edk\u016f a tane\u010dnic d\u00e1 n\u011bco \u0159\u00edct obecn\u011b, tak je to skute\u010dnost, \u017ee b\u00fdvaj\u00ed velmi p\u0159\u00e1telsk\u00e9, vesel\u00e9 a pln\u00e9 radosti.<\/p>\n<p>Kr\u00e1snou nev\u011bstu M\u00ed\u0161u z t\u00e9to svatby zn\u00e1m u\u017e dlouho. Dokonce hodn\u011b dlouho. V dob\u011b sv\u00e9 aktivn\u00ed tane\u010dn\u00ed kari\u00e9ry dlouh\u00e9 roky pat\u0159ila mezi hv\u011bzdy tane\u010dn\u00edho nebe u n\u00e1s a te\u010f ji potk\u00e1v\u00e1me v roli tren\u00e9rky a porotkyn\u011b. Osudov\u00e9 setk\u00e1n\u00ed se jej\u00edm man\u017eeleme Honzou pat\u0159\u00ed mezi ty vz\u00e1cn\u00e9 v\u00fdjimky, kdy minul\u00e1 l\u00e9ta omezen\u00ed p\u0159inesla n\u011bco veskrze positivn\u00edho.<\/p>\n<p>Snoubenci M\u00ed\u0161a s Honzou pojali svou svatbu jako etapov\u00fd projekt. Prvn\u00ed etapou byla dovolen\u00e1 a ob\u0159ad u mo\u0159e pod egyptsk\u00fdm sluncem. Druhou etapou, kterou jsem m\u011bl to mimo\u0159\u00e1dn\u00e9 pot\u011b\u0161en\u00ed zachytit, byl ofici\u00e1ln\u00ed ob\u0159ad v \u00fazk\u00e9m rodinn\u00e9m kruhu na \u010desk\u00e9 p\u016fd\u011b.[\/vc_column_text][\/vc_column][\/vc_row][vc_row][vc_column][vc_empty_space][vc_column_text]<\/p>\n<h4>Sn\u00edmky ze svatebn\u00edho ob\u0159adu M\u00ed\u0161i a Honzy najdete na<span style=\"color: #0000ff;\"> <a style=\"color: #0000ff;\" href=\"https:\/\/www.flickr.com\/gp\/142395523@N03\/n6MguH2D3P\" target=\"_blank\" rel=\"noopener\">m\u00e9m Flickr \u00fa\u010dtu zde<\/a><\/span>.<\/h4>\n<p>[\/vc_column_text][vc_empty_space][\/vc_column][\/vc_row][vc_row full_width=&#8220;stretch_row_content_no_spaces&#8220; css=&#8220;.vc_custom_1607376807215{padding-right: 5% !important;padding-left: 5% !important;}&#8220;][vc_column][vc_raw_html]JTNDcCUzRSU1QmZvb2dhbGxlcnklMjBpZCUzRCUyMjExNDYyJTIyJTVEJTNDJTJGcCUzRQ==[\/vc_raw_html][\/vc_column][\/vc_row]<\/p>\n<\/div>","protected":false},"excerpt":{"rendered":"<p>Tak jako se li\u0161\u00ed jednotliv\u00e9 osobnosti lid\u00ed, li\u0161\u00ed se i jejich svatby. N\u011bkter\u00e9 b\u00fdvaj\u00ed velmi tradi\u010dn\u00ed a prov\u00e1z\u00ed je pe\u010dliv\u00e9 n\u00e1sledov\u00e1n\u00ed tradic a zab\u011bhnut\u00fdch zvyklost\u00ed, jin\u00e9 svatby jsou velmi nekonven\u010dn\u00ed a pln\u00e9 osobit\u00e9ho p\u0159\u00edstupu novoman\u017eel\u016f. Jestli se o svatb\u00e1ch tanen\u010d\u00edk\u016f a tane\u010dnic d\u00e1 n\u011bco \u0159\u00edct obecn\u011b, tak je to skute\u010dnost, \u017ee b\u00fdvaj\u00ed velmi p\u0159\u00e1telsk\u00e9, vesel\u00e9 a pln\u00e9 radosti.<\/p>\n","protected":false},"author":1,"featured_media":11465,"comment_status":"closed","ping_status":"closed","sticky":false,"template":"","format":"standard","meta":{"_exactmetrics_skip_tracking":false,"_exactmetrics_sitenote_active":false,"_exactmetrics_sitenote_note":"","_exactmetrics_sitenote_category":0,"footnotes":""},"categories":[163],"tags":[],"class_list":["post-11463","post","type-post","status-publish","format-standard","has-post-thumbnail","hentry","category-svatebni_fotograf_ostrava"],"aioseo_notices":[],"featured_image_src":"https:\/\/www.jirikuhnweddings.cz\/wp-content\/uploads\/2022\/08\/Manzele_Kolasovi_svatba_033.jpg","featured_image_src_square":"https:\/\/www.jirikuhnweddings.cz\/wp-content\/uploads\/2022\/08\/Manzele_Kolasovi_svatba_033.jpg","author_info":{"display_name":"jirikuhnwe","author_link":"https:\/\/www.jirikuhnweddings.cz\/index.php\/author\/jirikuhnwe\/"},"_links":{"self":[{"href":"https:\/\/www.jirikuhnweddings.cz\/index.php\/wp-json\/wp\/v2\/posts\/11463","targetHints":{"allow":["GET"]}}],"collection":[{"href":"https:\/\/www.jirikuhnweddings.cz\/index.php\/wp-json\/wp\/v2\/posts"}],"about":[{"href":"https:\/\/www.jirikuhnweddings.cz\/index.php\/wp-json\/wp\/v2\/types\/post"}],"author":[{"embeddable":true,"href":"https:\/\/www.jirikuhnweddings.cz\/index.php\/wp-json\/wp\/v2\/users\/1"}],"replies":[{"embeddable":true,"href":"https:\/\/www.jirikuhnweddings.cz\/index.php\/wp-json\/wp\/v2\/comments?post=11463"}],"version-history":[{"count":0,"href":"https:\/\/www.jirikuhnweddings.cz\/index.php\/wp-json\/wp\/v2\/posts\/11463\/revisions"}],"wp:featuredmedia":[{"embeddable":true,"href":"https:\/\/www.jirikuhnweddings.cz\/index.php\/wp-json\/wp\/v2\/media\/11465"}],"wp:attachment":[{"href":"https:\/\/www.jirikuhnweddings.cz\/index.php\/wp-json\/wp\/v2\/media?parent=11463"}],"wp:term":[{"taxonomy":"category","embeddable":true,"href":"https:\/\/www.jirikuhnweddings.cz\/index.php\/wp-json\/wp\/v2\/categories?post=11463"},{"taxonomy":"post_tag","embeddable":true,"href":"https:\/\/www.jirikuhnweddings.cz\/index.php\/wp-json\/wp\/v2\/tags?post=11463"}],"curies":[{"name":"wp","href":"https:\/\/api.w.org\/{rel}","templated":true}]}}