{"id":10909,"date":"2022-06-27T19:11:52","date_gmt":"2022-06-27T19:11:52","guid":{"rendered":"https:\/\/www.jirikuhnweddings.cz\/?p=10909"},"modified":"2024-07-09T14:24:41","modified_gmt":"2024-07-09T14:24:41","slug":"svatebni-fotograf-ostrava-ve-stinu-rododendronu","status":"publish","type":"post","link":"https:\/\/www.jirikuhnweddings.cz\/index.php\/2022\/06\/27\/svatebni-fotograf-ostrava-ve-stinu-rododendronu\/","title":{"rendered":"Svatebn\u00ed fotograf Ostrava | Ve st\u00ednu rododendron\u016f"},"content":{"rendered":"<div class=\"wpb-content-wrapper\"><p>[vc_row][vc_column width=&#8220;1\/2&#8243;][vc_single_image image=&#8220;10952&#8243; img_size=&#8220;full&#8220;][\/vc_column][vc_column width=&#8220;1\/2&#8243;][vc_column_text]Pokud m\u00e1te p\u0159i v\u00fdb\u011bru m\u00edsta pro va\u0161i svatbu volnou ruku, rozhodn\u011b zva\u017ete mo\u017enost vybrat si takov\u00e9, kde m\u016f\u017eete str\u00e1vit cel\u00fd den. Po\u010d\u00ednaje p\u0159\u00edpravami snoubenc\u016f, p\u0159es svatebn\u00ed ob\u0159ad a\u017e po odpoledn\u00ed z\u00e1bavu. Jedn\u00edm z m\u00edst, kter\u00e9 podobnou mo\u017enost nab\u00edz\u00ed, je <a href=\"https:\/\/www.uslamy.cz\/cs\/\" target=\"_blank\" rel=\"noopener\">Ml\u00fdn vodn\u00edka Sl\u00e1my<\/a>, kter\u00fd najdete v H\u00e1ji ve Slezsku &#8211; Lhot\u011b.<\/p>\n<p>Pro svou svatbu si ho vybrali tak\u00e9 Lenka s Pavlem. P\u0159i sv\u00e9 objedn\u00e1vce nezapomn\u011bli ani na polo\u017eku kr\u00e1sn\u00e9 po\u010das\u00ed, tak\u017ee za\u010d\u00e1tkem \u010dervna nic nebr\u00e1nilo tomu, aby se do are\u00e1lu ml\u00fdna sjela p\u011bkn\u00e1 \u0159\u00e1dka svatebn\u00edch host\u016f, p\u0159ipraven\u00fdch spolu se snoubenci oslavili jejich vykro\u010den\u00ed pod spole\u010dn\u00fdm p\u0159\u00edjmen\u00edm. \u0160tastnou ruku mali oba novoman\u017eel\u00e9 tak\u00e9 p\u0159i v\u00fdb\u011bru odd\u00e1vaj\u00edc\u00edho, kter\u00fd si krom\u011b obvykl\u00fdch povinn\u00fdch klauzul\u00ed p\u0159ipravil velmi origin\u00e1ln\u00ed proslov. O z\u00e1bavu p\u0159i svatebn\u00ed ob\u0159adu rozhodn\u011b nebyla nouze. Vyzdvihnut\u00ed si tak\u00e9 zaslou\u017e\u00ed kr\u00e1sn\u00e1 pr\u00e1ce <a href=\"https:\/\/www.instagram.com\/makeupbyanniebankova\/\" target=\"_blank\" rel=\"noopener\">viz\u00e1\u017eistky Ani\u010dky<\/a>, jej\u00ed\u017e pr\u00e1ce podtrhla p\u0159irozenou kr\u00e1su nev\u011bsty Lenky, a kv\u011btinov\u00e1 v\u00fdzdoba floristick\u00e9ho studia <a href=\"https:\/\/www.instagram.com\/arti_fiori\/\" target=\"_blank\" rel=\"noopener\">Arti fiori<\/a>.[\/vc_column_text][\/vc_column][\/vc_row][vc_row][vc_column][vc_empty_space][vc_column_text]<\/p>\n<h4>Celou galerii z proslun\u011bn\u00e9ho svatebn\u00edho dne Lenky a Pavla najdete na <a href=\"https:\/\/flic.kr\/s\/aHBqjzVTD2\" target=\"_blank\" rel=\"noopener\">m\u00e9m Flickr \u00fa\u010dtu zde<\/a>.<\/h4>\n<p>[\/vc_column_text][vc_empty_space][vc_video link=&#8220;https:\/\/www.youtube.com\/watch?v=T0NtTcyqFoc&#8220; align=&#8220;center&#8220;][vc_empty_space][\/vc_column][\/vc_row][vc_row full_width=&#8220;stretch_row_content_no_spaces&#8220; css=&#8220;.vc_custom_1607376807215{padding-right: 5% !important;padding-left: 5% !important;}&#8220;][vc_column][vc_raw_html]JTNDcCUzRSU1QmZvb2dhbGxlcnklMjBpZCUzRCUyMjEwOTU2JTIyJTVEJTNDJTJGcCUzRQ==[\/vc_raw_html][\/vc_column][\/vc_row]<\/p>\n<\/div>","protected":false},"excerpt":{"rendered":"<p>Pokud m\u00e1te p\u0159i v\u00fdb\u011bru m\u00edsta pro va\u0161i svatbu volnou ruku, rozhodn\u011b zva\u017ete mo\u017enost vybrat si takov\u00e9, kde m\u016f\u017eete str\u00e1vit cel\u00fd den. Po\u010d\u00ednaje p\u0159\u00edpravami snoubenc\u016f, p\u0159es svatebn\u00ed ob\u0159ad a\u017e po odpoledn\u00ed z\u00e1bavu. Jedn\u00edm z m\u00edst, kter\u00e9 podobnou mo\u017enost nab\u00edz\u00ed, je Ml\u00fdn vodn\u00edka Sl\u00e1my, kter\u00fd najdete v H\u00e1ji ve Slezsku &#8211; Lhot\u011b.<\/p>\n","protected":false},"author":1,"featured_media":10941,"comment_status":"closed","ping_status":"closed","sticky":false,"template":"","format":"standard","meta":{"_exactmetrics_skip_tracking":false,"_exactmetrics_sitenote_active":false,"_exactmetrics_sitenote_note":"","_exactmetrics_sitenote_category":0,"footnotes":""},"categories":[163],"tags":[],"class_list":["post-10909","post","type-post","status-publish","format-standard","has-post-thumbnail","hentry","category-svatebni_fotograf_ostrava"],"aioseo_notices":[],"featured_image_src":"https:\/\/www.jirikuhnweddings.cz\/wp-content\/uploads\/2022\/06\/Manzele_Chejnovsti_svatba_307.jpg","featured_image_src_square":"https:\/\/www.jirikuhnweddings.cz\/wp-content\/uploads\/2022\/06\/Manzele_Chejnovsti_svatba_307.jpg","author_info":{"display_name":"jirikuhnwe","author_link":"https:\/\/www.jirikuhnweddings.cz\/index.php\/author\/jirikuhnwe\/"},"_links":{"self":[{"href":"https:\/\/www.jirikuhnweddings.cz\/index.php\/wp-json\/wp\/v2\/posts\/10909","targetHints":{"allow":["GET"]}}],"collection":[{"href":"https:\/\/www.jirikuhnweddings.cz\/index.php\/wp-json\/wp\/v2\/posts"}],"about":[{"href":"https:\/\/www.jirikuhnweddings.cz\/index.php\/wp-json\/wp\/v2\/types\/post"}],"author":[{"embeddable":true,"href":"https:\/\/www.jirikuhnweddings.cz\/index.php\/wp-json\/wp\/v2\/users\/1"}],"replies":[{"embeddable":true,"href":"https:\/\/www.jirikuhnweddings.cz\/index.php\/wp-json\/wp\/v2\/comments?post=10909"}],"version-history":[{"count":0,"href":"https:\/\/www.jirikuhnweddings.cz\/index.php\/wp-json\/wp\/v2\/posts\/10909\/revisions"}],"wp:featuredmedia":[{"embeddable":true,"href":"https:\/\/www.jirikuhnweddings.cz\/index.php\/wp-json\/wp\/v2\/media\/10941"}],"wp:attachment":[{"href":"https:\/\/www.jirikuhnweddings.cz\/index.php\/wp-json\/wp\/v2\/media?parent=10909"}],"wp:term":[{"taxonomy":"category","embeddable":true,"href":"https:\/\/www.jirikuhnweddings.cz\/index.php\/wp-json\/wp\/v2\/categories?post=10909"},{"taxonomy":"post_tag","embeddable":true,"href":"https:\/\/www.jirikuhnweddings.cz\/index.php\/wp-json\/wp\/v2\/tags?post=10909"}],"curies":[{"name":"wp","href":"https:\/\/api.w.org\/{rel}","templated":true}]}}